{"id":23242,"date":"2023-07-21T15:32:14","date_gmt":"2023-07-21T13:32:14","guid":{"rendered":"https:\/\/sparrks.io\/?p=23242"},"modified":"2024-02-01T08:23:09","modified_gmt":"2024-02-01T07:23:09","slug":"zp-europe","status":"publish","type":"post","link":"https:\/\/sparrks.io\/en\/blog\/zukunft-personal-europe\/","title":{"rendered":"Sparrks at the Zukunft Personal Europe in Cologne"},"content":{"rendered":"<p>Sparrks will be present at <a href=\"https:\/\/www.zukunft-personal.com\/de\/\" target=\"_blank\" rel=\"noreferrer noopener\">Zukunft Personal Europe<\/a> in Cologne from September 12-14, 2023. As Europe's leading expo event around the world of work, the fair is an important meeting point for companies and experts from the HR industry.<\/p>\n\n\n\n<p>For us as a company, Zukunft Personal Europe is a unique opportunity to present our innovative leadership and business coaching platform and to engage in conversation with HR managers and HR executives. At booth P.60-15 in hall 5.1, we will have the opportunity to present our expertise and offering to a broad audience.<\/p>\n\n\n\n<figure class=\"wp-block-image size-large is-resized\"><img decoding=\"async\" src=\"https:\/\/www.zukunft-personal.com\/media\/filer_public\/ce\/4a\/ce4a122c-2541-4959-b04a-9f5ddf5b9ed8\/zp_europe_logo_2023.png\" alt=\"\" width=\"349\" height=\"106\"\/><\/figure>\n\n\n\n<p>What makes Sparrks special? Our mission is to provide top-level business coaching to talent and leaders at all levels to improve their specific development needs and thereby make the company more successful. Our coaching sessions consist of four 45-minute video calls with renowned top executive coaches and are conducted digitally. Through this innovative approach, we offer our clients a contemporary solution in an ever-changing work environment.<\/p>\n\n\n\n<p>One of the features that sets us apart from other providers is our efficiency. Our special coaching format allows us to specifically address the individual needs of managers and talents in a short period of time. This not only saves valuable time, but also enables sustainable and customized development.<\/p>\n\n\n\n<p>We look forward to experiencing the current HR industry at Zukunft Personal Europe. This trade fair offers us the opportunity to discover new trends and potentials, to exchange ideas with other experts and to build valuable networks. We are eager to meet with HR managers and HR executives to learn about their specific needs.<\/p>\n\n\n\n<p><strong>Booth number<\/strong><br>P.60-15, Hall 5.1<\/p>\n\n\n\n<p><strong>Date<\/strong><br>12.-14.09.2023<\/p>\n\n\n\n<p><strong>Location<\/strong><br><a href=\"https:\/\/www.koelnmesse.de\/location-und-services\/hallen-und-gelaende\/hallen-und-gelaendeplan\/\" target=\"_blank\" rel=\"noreferrer noopener\">Location<\/a><\/p>","protected":false},"excerpt":{"rendered":"<p>Sparrks wird vom 12. bis 14. September 2023 auf der Zukunft Personal Europe in K\u00f6ln vertreten sein. Als Europas f\u00fchrendes Expo-Event rund um die Welt der Arbeit ist die Messe ein wichtiger Treffpunkt f\u00fcr Unternehmen und Experten aus der HR-Branche. F\u00fcr uns als Unternehmen ist die Zukunft Personal Europe eine einzigartige Gelegenheit, unsere innovative Leadership- [&hellip;]<\/p>\n","protected":false},"author":1,"featured_media":23244,"comment_status":"closed","ping_status":"open","sticky":false,"template":"","format":"standard","meta":{"_acf_changed":false,"content-type":"","footnotes":""},"categories":[7],"tags":[],"class_list":["post-23242","post","type-post","status-publish","format-standard","has-post-thumbnail","hentry","category-blog"],"acf":[],"yoast_head":"<!-- This site is optimized with the Yoast SEO plugin v27.2 - https:\/\/yoast.com\/product\/yoast-seo-wordpress\/ -->\n<title>Sparrks auf der Zukunft Personal Europe in K\u00f6ln<\/title>\n<meta name=\"description\" content=\"Sparrks wird vom 12.-14.09.2023 auf der Zukunft Personal Europe in K\u00f6ln vertreten sein: Standnummer P.60-15, Halle 5.1\" \/>\n<meta name=\"robots\" content=\"index, follow, max-snippet:-1, max-image-preview:large, max-video-preview:-1\" \/>\n<link rel=\"canonical\" href=\"https:\/\/sparrks.io\/en\/blog\/zp-europe\/\" \/>\n<meta property=\"og:locale\" content=\"en_US\" \/>\n<meta property=\"og:type\" content=\"article\" \/>\n<meta property=\"og:title\" content=\"Sparrks auf der Zukunft Personal Europe in K\u00f6ln\" \/>\n<meta property=\"og:description\" content=\"Sparrks wird vom 12.-14.09.2023 auf der Zukunft Personal Europe in K\u00f6ln vertreten sein: Standnummer P.60-15, Halle 5.1\" \/>\n<meta property=\"og:url\" content=\"https:\/\/sparrks.io\/en\/blog\/zp-europe\/\" \/>\n<meta property=\"og:site_name\" content=\"Sparrks\" \/>\n<meta property=\"article:published_time\" content=\"2023-07-21T13:32:14+00:00\" \/>\n<meta property=\"article:modified_time\" content=\"2024-02-01T07:23:09+00:00\" \/>\n<meta property=\"og:image\" content=\"https:\/\/sparrks.io\/wp-content\/uploads\/2023\/07\/Sparrks-ZP-Europe.png\" \/>\n\t<meta property=\"og:image:width\" content=\"1200\" \/>\n\t<meta property=\"og:image:height\" content=\"630\" \/>\n\t<meta property=\"og:image:type\" content=\"image\/png\" \/>\n<meta name=\"author\" content=\"Patrick\" \/>\n<meta name=\"twitter:card\" content=\"summary_large_image\" \/>\n<meta name=\"twitter:label1\" content=\"Written by\" \/>\n\t<meta name=\"twitter:data1\" content=\"Patrick\" \/>\n\t<meta name=\"twitter:label2\" content=\"Est. reading time\" \/>\n\t<meta name=\"twitter:data2\" content=\"2 minutes\" \/>\n<script type=\"application\/ld+json\" class=\"yoast-schema-graph\">{\"@context\":\"https:\/\/schema.org\",\"@graph\":[{\"@type\":\"Article\",\"@id\":\"https:\/\/sparrks.io\/blog\/zukunft-personal-europe\/#article\",\"isPartOf\":{\"@id\":\"https:\/\/sparrks.io\/blog\/zukunft-personal-europe\/\"},\"author\":{\"name\":\"Patrick\",\"@id\":\"https:\/\/sparrks.io\/#\/schema\/person\/a9b3198ad7b813c8fd45e0eba4a8136e\"},\"headline\":\"Sparrks auf der Zukunft Personal Europe in K\u00f6ln\",\"datePublished\":\"2023-07-21T13:32:14+00:00\",\"dateModified\":\"2024-02-01T07:23:09+00:00\",\"mainEntityOfPage\":{\"@id\":\"https:\/\/sparrks.io\/blog\/zukunft-personal-europe\/\"},\"wordCount\":292,\"publisher\":{\"@id\":\"https:\/\/sparrks.io\/#organization\"},\"image\":{\"@id\":\"https:\/\/sparrks.io\/blog\/zukunft-personal-europe\/#primaryimage\"},\"thumbnailUrl\":\"https:\/\/sparrks.io\/wp-content\/uploads\/2023\/07\/Sparrks-ZP-Europe.png\",\"articleSection\":[\"Blog\"],\"inLanguage\":\"en-US\"},{\"@type\":\"WebPage\",\"@id\":\"https:\/\/sparrks.io\/blog\/zukunft-personal-europe\/\",\"url\":\"https:\/\/sparrks.io\/blog\/zukunft-personal-europe\/\",\"name\":\"Sparrks auf der Zukunft Personal Europe in K\u00f6ln\",\"isPartOf\":{\"@id\":\"https:\/\/sparrks.io\/#website\"},\"primaryImageOfPage\":{\"@id\":\"https:\/\/sparrks.io\/blog\/zukunft-personal-europe\/#primaryimage\"},\"image\":{\"@id\":\"https:\/\/sparrks.io\/blog\/zukunft-personal-europe\/#primaryimage\"},\"thumbnailUrl\":\"https:\/\/sparrks.io\/wp-content\/uploads\/2023\/07\/Sparrks-ZP-Europe.png\",\"datePublished\":\"2023-07-21T13:32:14+00:00\",\"dateModified\":\"2024-02-01T07:23:09+00:00\",\"description\":\"Sparrks wird vom 12.-14.09.2023 auf der Zukunft Personal Europe in K\u00f6ln vertreten sein: Standnummer P.60-15, Halle 5.1\",\"breadcrumb\":{\"@id\":\"https:\/\/sparrks.io\/blog\/zukunft-personal-europe\/#breadcrumb\"},\"inLanguage\":\"en-US\",\"potentialAction\":[{\"@type\":\"ReadAction\",\"target\":[\"https:\/\/sparrks.io\/blog\/zukunft-personal-europe\/\"]}]},{\"@type\":\"ImageObject\",\"inLanguage\":\"en-US\",\"@id\":\"https:\/\/sparrks.io\/blog\/zukunft-personal-europe\/#primaryimage\",\"url\":\"https:\/\/sparrks.io\/wp-content\/uploads\/2023\/07\/Sparrks-ZP-Europe.png\",\"contentUrl\":\"https:\/\/sparrks.io\/wp-content\/uploads\/2023\/07\/Sparrks-ZP-Europe.png\",\"width\":1200,\"height\":630,\"caption\":\"Sparrks ZP Europe\"},{\"@type\":\"BreadcrumbList\",\"@id\":\"https:\/\/sparrks.io\/blog\/zukunft-personal-europe\/#breadcrumb\",\"itemListElement\":[{\"@type\":\"ListItem\",\"position\":1,\"name\":\"Home\",\"item\":\"https:\/\/sparrks.io\/\"},{\"@type\":\"ListItem\",\"position\":2,\"name\":\"Sparrks auf der Zukunft Personal Europe in K\u00f6ln\"}]},{\"@type\":\"WebSite\",\"@id\":\"https:\/\/sparrks.io\/#website\",\"url\":\"https:\/\/sparrks.io\/\",\"name\":\"Sparrks\",\"description\":\"Coaching Plattform f\u00fcr Unternehmen\",\"publisher\":{\"@id\":\"https:\/\/sparrks.io\/#organization\"},\"potentialAction\":[{\"@type\":\"SearchAction\",\"target\":{\"@type\":\"EntryPoint\",\"urlTemplate\":\"https:\/\/sparrks.io\/?s={search_term_string}\"},\"query-input\":{\"@type\":\"PropertyValueSpecification\",\"valueRequired\":true,\"valueName\":\"search_term_string\"}}],\"inLanguage\":\"en-US\"},{\"@type\":\"Organization\",\"@id\":\"https:\/\/sparrks.io\/#organization\",\"name\":\"SPARRKS Service GmbH\",\"url\":\"https:\/\/sparrks.io\/\",\"logo\":{\"@type\":\"ImageObject\",\"inLanguage\":\"en-US\",\"@id\":\"https:\/\/sparrks.io\/#\/schema\/logo\/image\/\",\"url\":\"https:\/\/sparrks.io\/wp-content\/uploads\/2021\/09\/Sparrks_Logo.svg\",\"contentUrl\":\"https:\/\/sparrks.io\/wp-content\/uploads\/2021\/09\/Sparrks_Logo.svg\",\"width\":100,\"height\":100,\"caption\":\"SPARRKS Service GmbH\"},\"image\":{\"@id\":\"https:\/\/sparrks.io\/#\/schema\/logo\/image\/\"},\"sameAs\":[\"https:\/\/www.linkedin.com\/company\/sparrks\",\"https:\/\/www.youtube.com\/channel\/UCXmPfD7LDocRfr1nXQq3kKg\/\",\"https:\/\/de.linkedin.com\/company\/sparrks\"]},{\"@type\":\"Person\",\"@id\":\"https:\/\/sparrks.io\/#\/schema\/person\/a9b3198ad7b813c8fd45e0eba4a8136e\",\"name\":\"Patrick\",\"image\":{\"@type\":\"ImageObject\",\"inLanguage\":\"en-US\",\"@id\":\"https:\/\/secure.gravatar.com\/avatar\/5b0172eefa72d08ed6765d5ac5a8df7d5738dde126c271b2648a21eeb6f07409?s=96&d=mm&r=g\",\"url\":\"https:\/\/secure.gravatar.com\/avatar\/5b0172eefa72d08ed6765d5ac5a8df7d5738dde126c271b2648a21eeb6f07409?s=96&d=mm&r=g\",\"contentUrl\":\"https:\/\/secure.gravatar.com\/avatar\/5b0172eefa72d08ed6765d5ac5a8df7d5738dde126c271b2648a21eeb6f07409?s=96&d=mm&r=g\",\"caption\":\"Patrick\"},\"sameAs\":[\"http:\/\/sparrks.io\"],\"url\":\"https:\/\/sparrks.io\/en\/author\/patrick\/\"}]}<\/script>\n<!-- \/ Yoast SEO plugin. -->","yoast_head_json":{"title":"Sparrks at the Zukunft Personal Europe in Cologne","description":"Sparrks will be present at Zukunft Personal Europe in Cologne from September 12-14, 2023: booth number P.60-15, hall 5.1.","robots":{"index":"index","follow":"follow","max-snippet":"max-snippet:-1","max-image-preview":"max-image-preview:large","max-video-preview":"max-video-preview:-1"},"canonical":"https:\/\/sparrks.io\/en\/blog\/zp-europe\/","og_locale":"en_US","og_type":"article","og_title":"Sparrks auf der Zukunft Personal Europe in K\u00f6ln","og_description":"Sparrks wird vom 12.-14.09.2023 auf der Zukunft Personal Europe in K\u00f6ln vertreten sein: Standnummer P.60-15, Halle 5.1","og_url":"https:\/\/sparrks.io\/en\/blog\/zp-europe\/","og_site_name":"Sparrks","article_published_time":"2023-07-21T13:32:14+00:00","article_modified_time":"2024-02-01T07:23:09+00:00","og_image":[{"width":1200,"height":630,"url":"https:\/\/sparrks.io\/wp-content\/uploads\/2023\/07\/Sparrks-ZP-Europe.png","type":"image\/png"}],"author":"Patrick","twitter_card":"summary_large_image","twitter_misc":{"Written by":"Patrick","Est. reading time":"2 minutes"},"schema":{"@context":"https:\/\/schema.org","@graph":[{"@type":"Article","@id":"https:\/\/sparrks.io\/blog\/zukunft-personal-europe\/#article","isPartOf":{"@id":"https:\/\/sparrks.io\/blog\/zukunft-personal-europe\/"},"author":{"name":"Patrick","@id":"https:\/\/sparrks.io\/#\/schema\/person\/a9b3198ad7b813c8fd45e0eba4a8136e"},"headline":"Sparrks auf der Zukunft Personal Europe in K\u00f6ln","datePublished":"2023-07-21T13:32:14+00:00","dateModified":"2024-02-01T07:23:09+00:00","mainEntityOfPage":{"@id":"https:\/\/sparrks.io\/blog\/zukunft-personal-europe\/"},"wordCount":292,"publisher":{"@id":"https:\/\/sparrks.io\/#organization"},"image":{"@id":"https:\/\/sparrks.io\/blog\/zukunft-personal-europe\/#primaryimage"},"thumbnailUrl":"https:\/\/sparrks.io\/wp-content\/uploads\/2023\/07\/Sparrks-ZP-Europe.png","articleSection":["Blog"],"inLanguage":"en-US"},{"@type":"WebPage","@id":"https:\/\/sparrks.io\/blog\/zukunft-personal-europe\/","url":"https:\/\/sparrks.io\/blog\/zukunft-personal-europe\/","name":"Sparrks at the Zukunft Personal Europe in Cologne","isPartOf":{"@id":"https:\/\/sparrks.io\/#website"},"primaryImageOfPage":{"@id":"https:\/\/sparrks.io\/blog\/zukunft-personal-europe\/#primaryimage"},"image":{"@id":"https:\/\/sparrks.io\/blog\/zukunft-personal-europe\/#primaryimage"},"thumbnailUrl":"https:\/\/sparrks.io\/wp-content\/uploads\/2023\/07\/Sparrks-ZP-Europe.png","datePublished":"2023-07-21T13:32:14+00:00","dateModified":"2024-02-01T07:23:09+00:00","description":"Sparrks will be present at Zukunft Personal Europe in Cologne from September 12-14, 2023: booth number P.60-15, hall 5.1.","breadcrumb":{"@id":"https:\/\/sparrks.io\/blog\/zukunft-personal-europe\/#breadcrumb"},"inLanguage":"en-US","potentialAction":[{"@type":"ReadAction","target":["https:\/\/sparrks.io\/blog\/zukunft-personal-europe\/"]}]},{"@type":"ImageObject","inLanguage":"en-US","@id":"https:\/\/sparrks.io\/blog\/zukunft-personal-europe\/#primaryimage","url":"https:\/\/sparrks.io\/wp-content\/uploads\/2023\/07\/Sparrks-ZP-Europe.png","contentUrl":"https:\/\/sparrks.io\/wp-content\/uploads\/2023\/07\/Sparrks-ZP-Europe.png","width":1200,"height":630,"caption":"Sparrks ZP Europe"},{"@type":"BreadcrumbList","@id":"https:\/\/sparrks.io\/blog\/zukunft-personal-europe\/#breadcrumb","itemListElement":[{"@type":"ListItem","position":1,"name":"Home","item":"https:\/\/sparrks.io\/"},{"@type":"ListItem","position":2,"name":"Sparrks auf der Zukunft Personal Europe in K\u00f6ln"}]},{"@type":"WebSite","@id":"https:\/\/sparrks.io\/#website","url":"https:\/\/sparrks.io\/","name":"Sparrks","description":"Coaching Plattform f\u00fcr Unternehmen","publisher":{"@id":"https:\/\/sparrks.io\/#organization"},"potentialAction":[{"@type":"SearchAction","target":{"@type":"EntryPoint","urlTemplate":"https:\/\/sparrks.io\/?s={search_term_string}"},"query-input":{"@type":"PropertyValueSpecification","valueRequired":true,"valueName":"search_term_string"}}],"inLanguage":"en-US"},{"@type":"Organization","@id":"https:\/\/sparrks.io\/#organization","name":"SPARRKS Service GmbH","url":"https:\/\/sparrks.io\/","logo":{"@type":"ImageObject","inLanguage":"en-US","@id":"https:\/\/sparrks.io\/#\/schema\/logo\/image\/","url":"https:\/\/sparrks.io\/wp-content\/uploads\/2021\/09\/Sparrks_Logo.svg","contentUrl":"https:\/\/sparrks.io\/wp-content\/uploads\/2021\/09\/Sparrks_Logo.svg","width":100,"height":100,"caption":"SPARRKS Service GmbH"},"image":{"@id":"https:\/\/sparrks.io\/#\/schema\/logo\/image\/"},"sameAs":["https:\/\/www.linkedin.com\/company\/sparrks","https:\/\/www.youtube.com\/channel\/UCXmPfD7LDocRfr1nXQq3kKg\/","https:\/\/de.linkedin.com\/company\/sparrks"]},{"@type":"Person","@id":"https:\/\/sparrks.io\/#\/schema\/person\/a9b3198ad7b813c8fd45e0eba4a8136e","name":"Patrick","image":{"@type":"ImageObject","inLanguage":"en-US","@id":"https:\/\/secure.gravatar.com\/avatar\/5b0172eefa72d08ed6765d5ac5a8df7d5738dde126c271b2648a21eeb6f07409?s=96&d=mm&r=g","url":"https:\/\/secure.gravatar.com\/avatar\/5b0172eefa72d08ed6765d5ac5a8df7d5738dde126c271b2648a21eeb6f07409?s=96&d=mm&r=g","contentUrl":"https:\/\/secure.gravatar.com\/avatar\/5b0172eefa72d08ed6765d5ac5a8df7d5738dde126c271b2648a21eeb6f07409?s=96&d=mm&r=g","caption":"Patrick"},"sameAs":["http:\/\/sparrks.io"],"url":"https:\/\/sparrks.io\/en\/author\/patrick\/"}]}},"_links":{"self":[{"href":"https:\/\/sparrks.io\/en\/wp-json\/wp\/v2\/posts\/23242","targetHints":{"allow":["GET"]}}],"collection":[{"href":"https:\/\/sparrks.io\/en\/wp-json\/wp\/v2\/posts"}],"about":[{"href":"https:\/\/sparrks.io\/en\/wp-json\/wp\/v2\/types\/post"}],"author":[{"embeddable":true,"href":"https:\/\/sparrks.io\/en\/wp-json\/wp\/v2\/users\/1"}],"replies":[{"embeddable":true,"href":"https:\/\/sparrks.io\/en\/wp-json\/wp\/v2\/comments?post=23242"}],"version-history":[{"count":0,"href":"https:\/\/sparrks.io\/en\/wp-json\/wp\/v2\/posts\/23242\/revisions"}],"wp:featuredmedia":[{"embeddable":true,"href":"https:\/\/sparrks.io\/en\/wp-json\/wp\/v2\/media\/23244"}],"wp:attachment":[{"href":"https:\/\/sparrks.io\/en\/wp-json\/wp\/v2\/media?parent=23242"}],"wp:term":[{"taxonomy":"category","embeddable":true,"href":"https:\/\/sparrks.io\/en\/wp-json\/wp\/v2\/categories?post=23242"},{"taxonomy":"post_tag","embeddable":true,"href":"https:\/\/sparrks.io\/en\/wp-json\/wp\/v2\/tags?post=23242"}],"curies":[{"name":"wp","href":"https:\/\/api.w.org\/{rel}","templated":true}]}}